{"id":6993,"date":"2022-04-05T00:41:06","date_gmt":"2022-04-05T00:41:06","guid":{"rendered":"https:\/\/aldeiashumanitar.pt\/inicio\/?p=6993"},"modified":"2023-07-08T00:43:26","modified_gmt":"2023-07-08T00:43:26","slug":"aldeias-humanitar-poe-no-terreno-o-primeiro-cuidador-comunitario-do-pais","status":"publish","type":"post","link":"https:\/\/aldeiashumanitar.pt\/inicio\/2022\/04\/05\/aldeias-humanitar-poe-no-terreno-o-primeiro-cuidador-comunitario-do-pais\/","title":{"rendered":"Aldeias Humanitar P\u00f5e No Terreno O Primeiro \u201cCuidador Comunit\u00e1rio\u201d Do Pa\u00eds"},"content":{"rendered":"<p>O primeiro \u201cCuidador Comunit\u00e1rio\u201d do pa\u00eds est\u00e1 j\u00e1 a trabalhar em projeto piloto no Douro Sul, aldeia de Vila da Ponte, em Sernancelhe, distrito de Viseu. O Aldeias Humanitar continua desta forma a mobilizar os territ\u00f3rios para a inova\u00e7\u00e3o social.<\/p>\n<p>O Aldeias Humanitar tem vindo desde 2019 a reivindicar a cria\u00e7\u00e3o de uma fun\u00e7\u00e3o profissional que permita dar amparo \u00e0s pessoas idosas que decidem viver o mais tempo poss\u00edvel nas suas casas. O \u201cCuidador Comunit\u00e1rio\u201dest\u00e1 na aldeia, apoiando de forma continuada nas suas casas as pessoas que necessitem e manifestem vontade de ter este amparo. No caso deste projeto piloto, o \u201cCuidador Comunit\u00e1rio\u201d \u00e9 uma cuidadora, de 24 anos, com forma\u00e7\u00e3o profissional em auxiliar de sa\u00fade, que reside numa das aldeias pr\u00f3ximas e foi enquadrada com o apoio do Instituto de Emprego e Forma\u00e7\u00e3o Profissional.<\/p>\n<p>\u201cO Aldeias Humanitar ambiciona contribuir para que as nossas Aldeias sejam verdadeiramente \u201cComunidades Amparadas\u201d, dando qualidade de vida \u00e0s pessoas, permitindo-se que a vida humana n\u00e3o se \u201cextinga\u201d nestes territ\u00f3rios. Precisamos de manter vivas as aldeias do interior de<br \/>\nPortugal\u201d, explica a Dire\u00e7\u00e3o do Aldeias Humanitar.<\/p>\n<p>O Aldeias Humanitar informa ainda que \u201cpara mostrar a import\u00e2ncia desta resposta e ajustar o modelo de amparo do profissional \u201cCuidador Comunit\u00e1rio\u201d, o projeto piloto \u00e9 fundamental, pois ter\u00e1 avalia\u00e7\u00e3o t\u00e9cnica e cient\u00edfica para que sirva de refer\u00eancia e permita os ajustamentos que se venham a revelar necess\u00e1rios. No terreno, verificam-se j\u00e1 muitas situa\u00e7\u00f5es que mostram de forma muito clara a urg\u00eancia da cria\u00e7\u00e3o oficial desta nova profiss\u00e3o em Portugal\u201d.<\/p>\n<p>A desertifica\u00e7\u00e3o humana veio colocar os territ\u00f3rios do interior em colapso funcional, particularmente pela inexist\u00eancia de retaguardas familiares ou de servi\u00e7os.<\/p>\n<p>O trabalho merit\u00f3rio das institui\u00e7\u00f5es locais, das juntas de freguesia e dos munic\u00edpios, \u00e9 j\u00e1 insuficiente para dar resposta \u00e0s novas necessidades, desejando-se a implementa\u00e7\u00e3o do \u201cCuidador Comunit\u00e1rio\u201d para amparar as pessoas nas suas casas, agora em situa\u00e7\u00e3o de isolamento e\/ou vulnerabilidade provocadas pelo processo agudo de desertifica\u00e7\u00e3o humana das nossas aldeias.<\/p>\n","protected":false},"excerpt":{"rendered":"<p>O primeiro \u201cCuidador Comunit\u00e1rio\u201d do pa\u00eds est\u00e1 j\u00e1 a trabalhar em projeto piloto no Douro Sul, aldeia de Vila da Ponte, em Sernancelhe, distrito de Viseu. O Aldeias Humanitar continua desta forma a mobilizar os territ\u00f3rios para a inova\u00e7\u00e3o social. O Aldeias Humanitar tem vindo desde 2019 a reivindicar a cria\u00e7\u00e3o de uma fun\u00e7\u00e3o profissional [&hellip;]<\/p>\n","protected":false},"author":1,"featured_media":6994,"comment_status":"closed","ping_status":"closed","sticky":false,"template":"","format":"standard","meta":{"give_campaign_id":0,"footnotes":""},"categories":[1],"tags":[],"class_list":["post-6993","post","type-post","status-publish","format-standard","has-post-thumbnail","hentry","category-noticias"],"yoast_head":"<!-- This site is optimized with the Yoast SEO plugin v26.1.1 - https:\/\/yoast.com\/wordpress\/plugins\/seo\/ -->\n<title>Aldeias Humanitar P\u00f5e No Terreno O Primeiro \u201cCuidador Comunit\u00e1rio\u201d Do Pa\u00eds Aldeias Humanitar<\/title>\n<meta name=\"robots\" content=\"index, follow, max-snippet:-1, max-image-preview:large, max-video-preview:-1\" \/>\n<link rel=\"canonical\" href=\"https:\/\/aldeiashumanitar.pt\/inicio\/2022\/04\/05\/aldeias-humanitar-poe-no-terreno-o-primeiro-cuidador-comunitario-do-pais\/\" \/>\n<meta property=\"og:locale\" content=\"pt_PT\" \/>\n<meta property=\"og:type\" content=\"article\" \/>\n<meta property=\"og:title\" content=\"Aldeias Humanitar P\u00f5e No Terreno O Primeiro \u201cCuidador Comunit\u00e1rio\u201d Do Pa\u00eds Aldeias Humanitar\" \/>\n<meta property=\"og:description\" content=\"O primeiro \u201cCuidador Comunit\u00e1rio\u201d do pa\u00eds est\u00e1 j\u00e1 a trabalhar em projeto piloto no Douro Sul, aldeia de Vila da Ponte, em Sernancelhe, distrito de Viseu. O Aldeias Humanitar continua desta forma a mobilizar os territ\u00f3rios para a inova\u00e7\u00e3o social. O Aldeias Humanitar tem vindo desde 2019 a reivindicar a cria\u00e7\u00e3o de uma fun\u00e7\u00e3o profissional [&hellip;]\" \/>\n<meta property=\"og:url\" content=\"https:\/\/aldeiashumanitar.pt\/inicio\/2022\/04\/05\/aldeias-humanitar-poe-no-terreno-o-primeiro-cuidador-comunitario-do-pais\/\" \/>\n<meta property=\"og:site_name\" content=\"Aldeias Humanitar\" \/>\n<meta property=\"article:publisher\" content=\"https:\/\/www.facebook.com\/aldeiashumanitar\" \/>\n<meta property=\"article:published_time\" content=\"2022-04-05T00:41:06+00:00\" \/>\n<meta property=\"article:modified_time\" content=\"2023-07-08T00:43:26+00:00\" \/>\n<meta property=\"og:image\" content=\"https:\/\/aldeiashumanitar.pt\/inicio\/wp-content\/uploads\/2023\/07\/cuidador_comunitario.jpg\" \/>\n\t<meta property=\"og:image:width\" content=\"1824\" \/>\n\t<meta property=\"og:image:height\" content=\"1231\" \/>\n\t<meta property=\"og:image:type\" content=\"image\/jpeg\" \/>\n<meta name=\"author\" content=\"admin\" \/>\n<meta name=\"twitter:card\" content=\"summary_large_image\" \/>\n<meta name=\"twitter:creator\" content=\"@AldeiasH\" \/>\n<meta name=\"twitter:site\" content=\"@AldeiasH\" \/>\n<meta name=\"twitter:label1\" content=\"Escrito por\" \/>\n\t<meta name=\"twitter:data1\" content=\"admin\" \/>\n\t<meta name=\"twitter:label2\" content=\"Tempo estimado de leitura\" \/>\n\t<meta name=\"twitter:data2\" content=\"2 minutos\" \/>\n<script type=\"application\/ld+json\" class=\"yoast-schema-graph\">{\"@context\":\"https:\/\/schema.org\",\"@graph\":[{\"@type\":\"Article\",\"@id\":\"https:\/\/aldeiashumanitar.pt\/inicio\/2022\/04\/05\/aldeias-humanitar-poe-no-terreno-o-primeiro-cuidador-comunitario-do-pais\/#article\",\"isPartOf\":{\"@id\":\"https:\/\/aldeiashumanitar.pt\/inicio\/2022\/04\/05\/aldeias-humanitar-poe-no-terreno-o-primeiro-cuidador-comunitario-do-pais\/\"},\"author\":{\"name\":\"admin\",\"@id\":\"https:\/\/aldeiashumanitar.pt\/inicio\/#\/schema\/person\/ed9e98045e313131c858a17d04c34ac4\"},\"headline\":\"Aldeias Humanitar P\u00f5e No Terreno O Primeiro \u201cCuidador Comunit\u00e1rio\u201d Do Pa\u00eds\",\"datePublished\":\"2022-04-05T00:41:06+00:00\",\"dateModified\":\"2023-07-08T00:43:26+00:00\",\"mainEntityOfPage\":{\"@id\":\"https:\/\/aldeiashumanitar.pt\/inicio\/2022\/04\/05\/aldeias-humanitar-poe-no-terreno-o-primeiro-cuidador-comunitario-do-pais\/\"},\"wordCount\":373,\"publisher\":{\"@id\":\"https:\/\/aldeiashumanitar.pt\/inicio\/#organization\"},\"image\":{\"@id\":\"https:\/\/aldeiashumanitar.pt\/inicio\/2022\/04\/05\/aldeias-humanitar-poe-no-terreno-o-primeiro-cuidador-comunitario-do-pais\/#primaryimage\"},\"thumbnailUrl\":\"https:\/\/aldeiashumanitar.pt\/inicio\/wp-content\/uploads\/2023\/07\/cuidador_comunitario.jpg\",\"articleSection\":[\"Not\u00edcias\"],\"inLanguage\":\"pt-PT\"},{\"@type\":\"WebPage\",\"@id\":\"https:\/\/aldeiashumanitar.pt\/inicio\/2022\/04\/05\/aldeias-humanitar-poe-no-terreno-o-primeiro-cuidador-comunitario-do-pais\/\",\"url\":\"https:\/\/aldeiashumanitar.pt\/inicio\/2022\/04\/05\/aldeias-humanitar-poe-no-terreno-o-primeiro-cuidador-comunitario-do-pais\/\",\"name\":\"Aldeias Humanitar P\u00f5e No Terreno O Primeiro \u201cCuidador Comunit\u00e1rio\u201d Do Pa\u00eds Aldeias Humanitar\",\"isPartOf\":{\"@id\":\"https:\/\/aldeiashumanitar.pt\/inicio\/#website\"},\"primaryImageOfPage\":{\"@id\":\"https:\/\/aldeiashumanitar.pt\/inicio\/2022\/04\/05\/aldeias-humanitar-poe-no-terreno-o-primeiro-cuidador-comunitario-do-pais\/#primaryimage\"},\"image\":{\"@id\":\"https:\/\/aldeiashumanitar.pt\/inicio\/2022\/04\/05\/aldeias-humanitar-poe-no-terreno-o-primeiro-cuidador-comunitario-do-pais\/#primaryimage\"},\"thumbnailUrl\":\"https:\/\/aldeiashumanitar.pt\/inicio\/wp-content\/uploads\/2023\/07\/cuidador_comunitario.jpg\",\"datePublished\":\"2022-04-05T00:41:06+00:00\",\"dateModified\":\"2023-07-08T00:43:26+00:00\",\"breadcrumb\":{\"@id\":\"https:\/\/aldeiashumanitar.pt\/inicio\/2022\/04\/05\/aldeias-humanitar-poe-no-terreno-o-primeiro-cuidador-comunitario-do-pais\/#breadcrumb\"},\"inLanguage\":\"pt-PT\",\"potentialAction\":[{\"@type\":\"ReadAction\",\"target\":[\"https:\/\/aldeiashumanitar.pt\/inicio\/2022\/04\/05\/aldeias-humanitar-poe-no-terreno-o-primeiro-cuidador-comunitario-do-pais\/\"]}]},{\"@type\":\"ImageObject\",\"inLanguage\":\"pt-PT\",\"@id\":\"https:\/\/aldeiashumanitar.pt\/inicio\/2022\/04\/05\/aldeias-humanitar-poe-no-terreno-o-primeiro-cuidador-comunitario-do-pais\/#primaryimage\",\"url\":\"https:\/\/aldeiashumanitar.pt\/inicio\/wp-content\/uploads\/2023\/07\/cuidador_comunitario.jpg\",\"contentUrl\":\"https:\/\/aldeiashumanitar.pt\/inicio\/wp-content\/uploads\/2023\/07\/cuidador_comunitario.jpg\",\"width\":1824,\"height\":1231},{\"@type\":\"BreadcrumbList\",\"@id\":\"https:\/\/aldeiashumanitar.pt\/inicio\/2022\/04\/05\/aldeias-humanitar-poe-no-terreno-o-primeiro-cuidador-comunitario-do-pais\/#breadcrumb\",\"itemListElement\":[{\"@type\":\"ListItem\",\"position\":1,\"name\":\"In\u00edcio\",\"item\":\"https:\/\/aldeiashumanitar.pt\/inicio\/\"},{\"@type\":\"ListItem\",\"position\":2,\"name\":\"Aldeias Humanitar P\u00f5e No Terreno O Primeiro \u201cCuidador Comunit\u00e1rio\u201d Do Pa\u00eds\"}]},{\"@type\":\"WebSite\",\"@id\":\"https:\/\/aldeiashumanitar.pt\/inicio\/#website\",\"url\":\"https:\/\/aldeiashumanitar.pt\/inicio\/\",\"name\":\"Aldeias Humanitar\",\"description\":\"Interven\u00e7\u00e3o Humanit\u00e1ria\",\"publisher\":{\"@id\":\"https:\/\/aldeiashumanitar.pt\/inicio\/#organization\"},\"potentialAction\":[{\"@type\":\"SearchAction\",\"target\":{\"@type\":\"EntryPoint\",\"urlTemplate\":\"https:\/\/aldeiashumanitar.pt\/inicio\/?s={search_term_string}\"},\"query-input\":{\"@type\":\"PropertyValueSpecification\",\"valueRequired\":true,\"valueName\":\"search_term_string\"}}],\"inLanguage\":\"pt-PT\"},{\"@type\":\"Organization\",\"@id\":\"https:\/\/aldeiashumanitar.pt\/inicio\/#organization\",\"name\":\"Aldeias Humanitar\",\"url\":\"https:\/\/aldeiashumanitar.pt\/inicio\/\",\"logo\":{\"@type\":\"ImageObject\",\"inLanguage\":\"pt-PT\",\"@id\":\"https:\/\/aldeiashumanitar.pt\/inicio\/#\/schema\/logo\/image\/\",\"url\":\"https:\/\/aldeiashumanitar.pt\/inicio\/wp-content\/uploads\/2021\/02\/favicon.png\",\"contentUrl\":\"https:\/\/aldeiashumanitar.pt\/inicio\/wp-content\/uploads\/2021\/02\/favicon.png\",\"width\":512,\"height\":512,\"caption\":\"Aldeias Humanitar\"},\"image\":{\"@id\":\"https:\/\/aldeiashumanitar.pt\/inicio\/#\/schema\/logo\/image\/\"},\"sameAs\":[\"https:\/\/www.facebook.com\/aldeiashumanitar\",\"https:\/\/x.com\/AldeiasH\"]},{\"@type\":\"Person\",\"@id\":\"https:\/\/aldeiashumanitar.pt\/inicio\/#\/schema\/person\/ed9e98045e313131c858a17d04c34ac4\",\"name\":\"admin\",\"image\":{\"@type\":\"ImageObject\",\"inLanguage\":\"pt-PT\",\"@id\":\"https:\/\/aldeiashumanitar.pt\/inicio\/#\/schema\/person\/image\/\",\"url\":\"https:\/\/secure.gravatar.com\/avatar\/de919737fe2fa5d044f2d4b13c3713925ae1f84f2eac5b05b2e9f15922213ac3?s=96&d=mm&r=g\",\"contentUrl\":\"https:\/\/secure.gravatar.com\/avatar\/de919737fe2fa5d044f2d4b13c3713925ae1f84f2eac5b05b2e9f15922213ac3?s=96&d=mm&r=g\",\"caption\":\"admin\"},\"sameAs\":[\"https:\/\/aldeiashumanitar.pt\/inicio\"],\"url\":\"https:\/\/aldeiashumanitar.pt\/inicio\/author\/admin\/\"}]}<\/script>\n<!-- \/ Yoast SEO plugin. -->","yoast_head_json":{"title":"Aldeias Humanitar P\u00f5e No Terreno O Primeiro \u201cCuidador Comunit\u00e1rio\u201d Do Pa\u00eds Aldeias Humanitar","robots":{"index":"index","follow":"follow","max-snippet":"max-snippet:-1","max-image-preview":"max-image-preview:large","max-video-preview":"max-video-preview:-1"},"canonical":"https:\/\/aldeiashumanitar.pt\/inicio\/2022\/04\/05\/aldeias-humanitar-poe-no-terreno-o-primeiro-cuidador-comunitario-do-pais\/","og_locale":"pt_PT","og_type":"article","og_title":"Aldeias Humanitar P\u00f5e No Terreno O Primeiro \u201cCuidador Comunit\u00e1rio\u201d Do Pa\u00eds Aldeias Humanitar","og_description":"O primeiro \u201cCuidador Comunit\u00e1rio\u201d do pa\u00eds est\u00e1 j\u00e1 a trabalhar em projeto piloto no Douro Sul, aldeia de Vila da Ponte, em Sernancelhe, distrito de Viseu. O Aldeias Humanitar continua desta forma a mobilizar os territ\u00f3rios para a inova\u00e7\u00e3o social. O Aldeias Humanitar tem vindo desde 2019 a reivindicar a cria\u00e7\u00e3o de uma fun\u00e7\u00e3o profissional [&hellip;]","og_url":"https:\/\/aldeiashumanitar.pt\/inicio\/2022\/04\/05\/aldeias-humanitar-poe-no-terreno-o-primeiro-cuidador-comunitario-do-pais\/","og_site_name":"Aldeias Humanitar","article_publisher":"https:\/\/www.facebook.com\/aldeiashumanitar","article_published_time":"2022-04-05T00:41:06+00:00","article_modified_time":"2023-07-08T00:43:26+00:00","og_image":[{"width":1824,"height":1231,"url":"https:\/\/aldeiashumanitar.pt\/inicio\/wp-content\/uploads\/2023\/07\/cuidador_comunitario.jpg","type":"image\/jpeg"}],"author":"admin","twitter_card":"summary_large_image","twitter_creator":"@AldeiasH","twitter_site":"@AldeiasH","twitter_misc":{"Escrito por":"admin","Tempo estimado de leitura":"2 minutos"},"schema":{"@context":"https:\/\/schema.org","@graph":[{"@type":"Article","@id":"https:\/\/aldeiashumanitar.pt\/inicio\/2022\/04\/05\/aldeias-humanitar-poe-no-terreno-o-primeiro-cuidador-comunitario-do-pais\/#article","isPartOf":{"@id":"https:\/\/aldeiashumanitar.pt\/inicio\/2022\/04\/05\/aldeias-humanitar-poe-no-terreno-o-primeiro-cuidador-comunitario-do-pais\/"},"author":{"name":"admin","@id":"https:\/\/aldeiashumanitar.pt\/inicio\/#\/schema\/person\/ed9e98045e313131c858a17d04c34ac4"},"headline":"Aldeias Humanitar P\u00f5e No Terreno O Primeiro \u201cCuidador Comunit\u00e1rio\u201d Do Pa\u00eds","datePublished":"2022-04-05T00:41:06+00:00","dateModified":"2023-07-08T00:43:26+00:00","mainEntityOfPage":{"@id":"https:\/\/aldeiashumanitar.pt\/inicio\/2022\/04\/05\/aldeias-humanitar-poe-no-terreno-o-primeiro-cuidador-comunitario-do-pais\/"},"wordCount":373,"publisher":{"@id":"https:\/\/aldeiashumanitar.pt\/inicio\/#organization"},"image":{"@id":"https:\/\/aldeiashumanitar.pt\/inicio\/2022\/04\/05\/aldeias-humanitar-poe-no-terreno-o-primeiro-cuidador-comunitario-do-pais\/#primaryimage"},"thumbnailUrl":"https:\/\/aldeiashumanitar.pt\/inicio\/wp-content\/uploads\/2023\/07\/cuidador_comunitario.jpg","articleSection":["Not\u00edcias"],"inLanguage":"pt-PT"},{"@type":"WebPage","@id":"https:\/\/aldeiashumanitar.pt\/inicio\/2022\/04\/05\/aldeias-humanitar-poe-no-terreno-o-primeiro-cuidador-comunitario-do-pais\/","url":"https:\/\/aldeiashumanitar.pt\/inicio\/2022\/04\/05\/aldeias-humanitar-poe-no-terreno-o-primeiro-cuidador-comunitario-do-pais\/","name":"Aldeias Humanitar P\u00f5e No Terreno O Primeiro \u201cCuidador Comunit\u00e1rio\u201d Do Pa\u00eds Aldeias Humanitar","isPartOf":{"@id":"https:\/\/aldeiashumanitar.pt\/inicio\/#website"},"primaryImageOfPage":{"@id":"https:\/\/aldeiashumanitar.pt\/inicio\/2022\/04\/05\/aldeias-humanitar-poe-no-terreno-o-primeiro-cuidador-comunitario-do-pais\/#primaryimage"},"image":{"@id":"https:\/\/aldeiashumanitar.pt\/inicio\/2022\/04\/05\/aldeias-humanitar-poe-no-terreno-o-primeiro-cuidador-comunitario-do-pais\/#primaryimage"},"thumbnailUrl":"https:\/\/aldeiashumanitar.pt\/inicio\/wp-content\/uploads\/2023\/07\/cuidador_comunitario.jpg","datePublished":"2022-04-05T00:41:06+00:00","dateModified":"2023-07-08T00:43:26+00:00","breadcrumb":{"@id":"https:\/\/aldeiashumanitar.pt\/inicio\/2022\/04\/05\/aldeias-humanitar-poe-no-terreno-o-primeiro-cuidador-comunitario-do-pais\/#breadcrumb"},"inLanguage":"pt-PT","potentialAction":[{"@type":"ReadAction","target":["https:\/\/aldeiashumanitar.pt\/inicio\/2022\/04\/05\/aldeias-humanitar-poe-no-terreno-o-primeiro-cuidador-comunitario-do-pais\/"]}]},{"@type":"ImageObject","inLanguage":"pt-PT","@id":"https:\/\/aldeiashumanitar.pt\/inicio\/2022\/04\/05\/aldeias-humanitar-poe-no-terreno-o-primeiro-cuidador-comunitario-do-pais\/#primaryimage","url":"https:\/\/aldeiashumanitar.pt\/inicio\/wp-content\/uploads\/2023\/07\/cuidador_comunitario.jpg","contentUrl":"https:\/\/aldeiashumanitar.pt\/inicio\/wp-content\/uploads\/2023\/07\/cuidador_comunitario.jpg","width":1824,"height":1231},{"@type":"BreadcrumbList","@id":"https:\/\/aldeiashumanitar.pt\/inicio\/2022\/04\/05\/aldeias-humanitar-poe-no-terreno-o-primeiro-cuidador-comunitario-do-pais\/#breadcrumb","itemListElement":[{"@type":"ListItem","position":1,"name":"In\u00edcio","item":"https:\/\/aldeiashumanitar.pt\/inicio\/"},{"@type":"ListItem","position":2,"name":"Aldeias Humanitar P\u00f5e No Terreno O Primeiro \u201cCuidador Comunit\u00e1rio\u201d Do Pa\u00eds"}]},{"@type":"WebSite","@id":"https:\/\/aldeiashumanitar.pt\/inicio\/#website","url":"https:\/\/aldeiashumanitar.pt\/inicio\/","name":"Aldeias Humanitar","description":"Interven\u00e7\u00e3o Humanit\u00e1ria","publisher":{"@id":"https:\/\/aldeiashumanitar.pt\/inicio\/#organization"},"potentialAction":[{"@type":"SearchAction","target":{"@type":"EntryPoint","urlTemplate":"https:\/\/aldeiashumanitar.pt\/inicio\/?s={search_term_string}"},"query-input":{"@type":"PropertyValueSpecification","valueRequired":true,"valueName":"search_term_string"}}],"inLanguage":"pt-PT"},{"@type":"Organization","@id":"https:\/\/aldeiashumanitar.pt\/inicio\/#organization","name":"Aldeias Humanitar","url":"https:\/\/aldeiashumanitar.pt\/inicio\/","logo":{"@type":"ImageObject","inLanguage":"pt-PT","@id":"https:\/\/aldeiashumanitar.pt\/inicio\/#\/schema\/logo\/image\/","url":"https:\/\/aldeiashumanitar.pt\/inicio\/wp-content\/uploads\/2021\/02\/favicon.png","contentUrl":"https:\/\/aldeiashumanitar.pt\/inicio\/wp-content\/uploads\/2021\/02\/favicon.png","width":512,"height":512,"caption":"Aldeias Humanitar"},"image":{"@id":"https:\/\/aldeiashumanitar.pt\/inicio\/#\/schema\/logo\/image\/"},"sameAs":["https:\/\/www.facebook.com\/aldeiashumanitar","https:\/\/x.com\/AldeiasH"]},{"@type":"Person","@id":"https:\/\/aldeiashumanitar.pt\/inicio\/#\/schema\/person\/ed9e98045e313131c858a17d04c34ac4","name":"admin","image":{"@type":"ImageObject","inLanguage":"pt-PT","@id":"https:\/\/aldeiashumanitar.pt\/inicio\/#\/schema\/person\/image\/","url":"https:\/\/secure.gravatar.com\/avatar\/de919737fe2fa5d044f2d4b13c3713925ae1f84f2eac5b05b2e9f15922213ac3?s=96&d=mm&r=g","contentUrl":"https:\/\/secure.gravatar.com\/avatar\/de919737fe2fa5d044f2d4b13c3713925ae1f84f2eac5b05b2e9f15922213ac3?s=96&d=mm&r=g","caption":"admin"},"sameAs":["https:\/\/aldeiashumanitar.pt\/inicio"],"url":"https:\/\/aldeiashumanitar.pt\/inicio\/author\/admin\/"}]}},"_links":{"self":[{"href":"https:\/\/aldeiashumanitar.pt\/inicio\/wp-json\/wp\/v2\/posts\/6993","targetHints":{"allow":["GET"]}}],"collection":[{"href":"https:\/\/aldeiashumanitar.pt\/inicio\/wp-json\/wp\/v2\/posts"}],"about":[{"href":"https:\/\/aldeiashumanitar.pt\/inicio\/wp-json\/wp\/v2\/types\/post"}],"author":[{"embeddable":true,"href":"https:\/\/aldeiashumanitar.pt\/inicio\/wp-json\/wp\/v2\/users\/1"}],"replies":[{"embeddable":true,"href":"https:\/\/aldeiashumanitar.pt\/inicio\/wp-json\/wp\/v2\/comments?post=6993"}],"version-history":[{"count":1,"href":"https:\/\/aldeiashumanitar.pt\/inicio\/wp-json\/wp\/v2\/posts\/6993\/revisions"}],"predecessor-version":[{"id":6995,"href":"https:\/\/aldeiashumanitar.pt\/inicio\/wp-json\/wp\/v2\/posts\/6993\/revisions\/6995"}],"wp:featuredmedia":[{"embeddable":true,"href":"https:\/\/aldeiashumanitar.pt\/inicio\/wp-json\/wp\/v2\/media\/6994"}],"wp:attachment":[{"href":"https:\/\/aldeiashumanitar.pt\/inicio\/wp-json\/wp\/v2\/media?parent=6993"}],"wp:term":[{"taxonomy":"category","embeddable":true,"href":"https:\/\/aldeiashumanitar.pt\/inicio\/wp-json\/wp\/v2\/categories?post=6993"},{"taxonomy":"post_tag","embeddable":true,"href":"https:\/\/aldeiashumanitar.pt\/inicio\/wp-json\/wp\/v2\/tags?post=6993"}],"curies":[{"name":"wp","href":"https:\/\/api.w.org\/{rel}","templated":true}]}}